{"id":746,"date":"2015-11-11T13:38:21","date_gmt":"2015-11-11T12:38:21","guid":{"rendered":"http:\/\/www.femcuines.com\/blog\/?p=746"},"modified":"2015-11-18T13:42:47","modified_gmt":"2015-11-18T12:42:47","slug":"claves-para-mejorar-la-iluminacion-natural-de-tu-vivienda","status":"publish","type":"post","link":"https:\/\/www.femcuines.com\/blog\/claves-para-mejorar-la-iluminacion-natural-de-tu-vivienda\/","title":{"rendered":"Claves para mejorar la iluminaci\u00f3n natural de tu vivienda"},"content":{"rendered":"<p>Desc\u00fabre como mejorar la iluminaci\u00f3n natural de tu hogar.<!--more--><br \/>\nNo cabe duda de que la luz natural es la mejor, aportando a nuestra vivienda espacios con mayor valor y calidad. A continuaci\u00f3n vamos a ver ideas que nos ayudar\u00e1n a darle el mayor paso posible hacia todos los rincones de nuestra casa, haci\u00e9ndola m\u00e1s luminosa y acogedora.<\/p>\n<div id=\"attachment_749\" style=\"width: 810px\" class=\"wp-caption aligncenter\"><a href=\"https:\/\/www.femcuines.com\/blog\/wp-content\/uploads\/2015\/11\/comedor-2.jpg\"><img loading=\"lazy\" decoding=\"async\" aria-describedby=\"caption-attachment-749\" class=\"size-full wp-image-749\" alt=\"Luz natural\" src=\"https:\/\/www.femcuines.com\/blog\/wp-content\/uploads\/2015\/11\/comedor-2.jpg\" width=\"800\" height=\"495\" srcset=\"https:\/\/www.femcuines.com\/blog\/wp-content\/uploads\/2015\/11\/comedor-2.jpg 800w, https:\/\/www.femcuines.com\/blog\/wp-content\/uploads\/2015\/11\/comedor-2-300x185.jpg 300w\" sizes=\"auto, (max-width: 800px) 100vw, 800px\" \/><\/a><p id=\"caption-attachment-749\" class=\"wp-caption-text\">Luz natural<\/p><\/div>\n<p>La distribuci\u00f3n del hogar y sus distintos espacios juega un papel fundamental a la hora de dejar pasar la luz natural a trav\u00e9s de todas las estancias de la casa. As\u00ed, si ubicas en un mismo ambiente las llamadas zonas de d\u00eda como la cocina y el comedor, adem\u00e1s de ganar espacio, lograr\u00e1s que los lugares antes oscuros gocen de las mismas condiciones espaciales, lum\u00ednicas y ambientales que el sal\u00f3n. Tirando tabiques puedes conseguir espacios con perspectivas variadas, con luz de frente y contra frente.<\/p>\n<p>Para potenciar la distribuci\u00f3n de la luz natural gracias al refejo, es ideal usar colores claros tanto en paredes como en suelos y techos. La elecci\u00f3n de mobiliario y tapices de colores claros potencia a\u00fan m\u00e1s este efecto. Y si ya tienes muebles o paredes oscuros, recuerda que siempre puedes pintarlos :). Tambi\u00e9n es conveniente que todo obst\u00e1culo que tape la luz sea lo m\u00e1s peque\u00f1o posible, translucido o transparente.<\/p>\n<div id=\"attachment_750\" style=\"width: 810px\" class=\"wp-caption aligncenter\"><a href=\"https:\/\/www.femcuines.com\/blog\/wp-content\/uploads\/2015\/11\/colores-claros.jpe\"><img loading=\"lazy\" decoding=\"async\" aria-describedby=\"caption-attachment-750\" class=\"size-full wp-image-750\" alt=\"Colores claros\" src=\"https:\/\/www.femcuines.com\/blog\/wp-content\/uploads\/2015\/11\/colores-claros.jpe\" width=\"800\" height=\"566\" srcset=\"https:\/\/www.femcuines.com\/blog\/wp-content\/uploads\/2015\/11\/colores-claros.jpe 800w, https:\/\/www.femcuines.com\/blog\/wp-content\/uploads\/2015\/11\/colores-claros-300x212.jpe 300w\" sizes=\"auto, (max-width: 800px) 100vw, 800px\" \/><\/a><p id=\"caption-attachment-750\" class=\"wp-caption-text\">Colores claros<\/p><\/div>\n<p>Si no deseas espacios tan abiertos, siempre puedes acudir a cerramientos de vidrio en lugar de tabiques. Tambi\u00e9n puedes optar por tabiques que no lleguen a techo, ventanas interiores y hornacinas. Estanter\u00edas y otros muebles tambi\u00e9n puedes hacer la funci\u00f3n de dividir espacios sin acusar tanto la perdida de luz natural.<\/p>\n<div id=\"attachment_755\" style=\"width: 810px\" class=\"wp-caption aligncenter\"><a href=\"https:\/\/www.femcuines.com\/blog\/wp-content\/uploads\/2015\/11\/estante-divisora-de-espacio.es_1.jpg\"><img loading=\"lazy\" decoding=\"async\" aria-describedby=\"caption-attachment-755\" class=\"size-full wp-image-755\" alt=\"Mobiliario divisor de espacios\" src=\"https:\/\/www.femcuines.com\/blog\/wp-content\/uploads\/2015\/11\/estante-divisora-de-espacio.es_1.jpg\" width=\"800\" height=\"497\" srcset=\"https:\/\/www.femcuines.com\/blog\/wp-content\/uploads\/2015\/11\/estante-divisora-de-espacio.es_1.jpg 800w, https:\/\/www.femcuines.com\/blog\/wp-content\/uploads\/2015\/11\/estante-divisora-de-espacio.es_1-300x186.jpg 300w\" sizes=\"auto, (max-width: 800px) 100vw, 800px\" \/><\/a><p id=\"caption-attachment-755\" class=\"wp-caption-text\">Mobiliario divisor de espacios<\/p><\/div>\n<p>La ubicaci\u00f3n y forma que las ventanas tienen dentro de una habitaci\u00f3n influyen en la cantidad de luz natural que recibe ese espacio. Una ventana vertical, por ejemplo, es eficaz para aumentar la distancia a la que llega la luz. Con esta forma, se consigue adem\u00e1s aportar distintas graduaciones de luz a lo largo del d\u00eda. Si se trata de una sola ventana, la luz se distribuir\u00e1 mejor si se ubica en el centro de la habitaci\u00f3n.\u00a0Por otro lado, si ubicas la ventana en la parte exterior del muro, recibir\u00e1s m\u00e1s luz que si la instalas del lado interior. La luz natural de mejor calidad es la que se obtiene desde las partes m\u00e1s altas de las paredes, y mejor a\u00fan del techo.<\/p>\n<div id=\"attachment_754\" style=\"width: 810px\" class=\"wp-caption aligncenter\"><a href=\"https:\/\/www.femcuines.com\/blog\/wp-content\/uploads\/2015\/11\/Ventana-Combinada.jpg\"><img loading=\"lazy\" decoding=\"async\" aria-describedby=\"caption-attachment-754\" class=\"size-full wp-image-754\" alt=\"Ventanas altas y de techo\" src=\"https:\/\/www.femcuines.com\/blog\/wp-content\/uploads\/2015\/11\/Ventana-Combinada.jpg\" width=\"800\" height=\"800\" srcset=\"https:\/\/www.femcuines.com\/blog\/wp-content\/uploads\/2015\/11\/Ventana-Combinada.jpg 800w, https:\/\/www.femcuines.com\/blog\/wp-content\/uploads\/2015\/11\/Ventana-Combinada-150x150.jpg 150w, https:\/\/www.femcuines.com\/blog\/wp-content\/uploads\/2015\/11\/Ventana-Combinada-300x300.jpg 300w\" sizes=\"auto, (max-width: 800px) 100vw, 800px\" \/><\/a><p id=\"caption-attachment-754\" class=\"wp-caption-text\">Ventanas altas y de techo<\/p><\/div>\n<p>En definitiva, sea cual sea la distribuci\u00f3n, tama\u00f1o y orientaci\u00f3n de nuestro hogar, siempre es posible sacarle m\u00e1s partido aplicando sencillos consejos como estos y, disfrutar as\u00ed, de espacios m\u00e1s vivos y agradables.<\/p>\n","protected":false},"excerpt":{"rendered":"<p>Desc\u00fabre como mejorar la iluminaci\u00f3n natural de tu hogar.<\/p>\n","protected":false},"author":1,"featured_media":747,"comment_status":"open","ping_status":"open","sticky":false,"template":"","format":"standard","meta":{"footnotes":""},"categories":[8],"tags":[27,17,18,16],"class_list":["post-746","post","type-post","status-publish","format-standard","has-post-thumbnail","hentry","category-consejos-reformas-cocina","tag-decoracion","tag-diseno","tag-distribucion","tag-iluminacion"],"aioseo_notices":[],"_links":{"self":[{"href":"https:\/\/www.femcuines.com\/blog\/wp-json\/wp\/v2\/posts\/746","targetHints":{"allow":["GET"]}}],"collection":[{"href":"https:\/\/www.femcuines.com\/blog\/wp-json\/wp\/v2\/posts"}],"about":[{"href":"https:\/\/www.femcuines.com\/blog\/wp-json\/wp\/v2\/types\/post"}],"author":[{"embeddable":true,"href":"https:\/\/www.femcuines.com\/blog\/wp-json\/wp\/v2\/users\/1"}],"replies":[{"embeddable":true,"href":"https:\/\/www.femcuines.com\/blog\/wp-json\/wp\/v2\/comments?post=746"}],"version-history":[{"count":8,"href":"https:\/\/www.femcuines.com\/blog\/wp-json\/wp\/v2\/posts\/746\/revisions"}],"predecessor-version":[{"id":777,"href":"https:\/\/www.femcuines.com\/blog\/wp-json\/wp\/v2\/posts\/746\/revisions\/777"}],"wp:featuredmedia":[{"embeddable":true,"href":"https:\/\/www.femcuines.com\/blog\/wp-json\/wp\/v2\/media\/747"}],"wp:attachment":[{"href":"https:\/\/www.femcuines.com\/blog\/wp-json\/wp\/v2\/media?parent=746"}],"wp:term":[{"taxonomy":"category","embeddable":true,"href":"https:\/\/www.femcuines.com\/blog\/wp-json\/wp\/v2\/categories?post=746"},{"taxonomy":"post_tag","embeddable":true,"href":"https:\/\/www.femcuines.com\/blog\/wp-json\/wp\/v2\/tags?post=746"}],"curies":[{"name":"wp","href":"https:\/\/api.w.org\/{rel}","templated":true}]}}